[{"@context":"https:\/\/schema.org\/","@type":"Article","@id":"https:\/\/www.gotech.cz\/dite-a-kamaradka\/#Article","mainEntityOfPage":"https:\/\/www.gotech.cz\/dite-a-kamaradka\/","headline":"D\u00edt\u011b a kamar\u00e1dka","name":"D\u00edt\u011b a kamar\u00e1dka","description":"Mysl\u00edm si, \u017ee ka\u017ed\u00e9 d\u00edt\u011b si zaslou\u017e\u00ed velikou p\u00e9\u010di sv\u00fdch rodi\u010d\u016f a zbytku rodiny. Jenom\u017ee n\u011bkdy ale to nejde a rodi\u010de nem\u016f\u017eou m\u00edt d\u00edt\u011b. A je to potom velice smutn\u00e9, proto\u017ee zn\u00e1m kamar\u00e1dku, kter\u00e1 velice tou\u017e\u00ed m\u00edt d\u00edt\u011b, ale bohu\u017eel se j\u00ed to v\u016fbec neda\u0159\u00ed. Ani nev\u00edte, jak mi to","datePublished":"2023-02-21","dateModified":"2023-05-31","author":{"@type":"Person","@id":"https:\/\/www.gotech.cz\/author\/#Person","name":"","url":"https:\/\/www.gotech.cz\/author\/","identifier":1,"image":{"@type":"ImageObject","@id":"https:\/\/secure.gravatar.com\/avatar\/4faace62981be50719be6a25151192978e6d585737a520836dcb98934de3bb45?s=96&d=mm&r=g","url":"https:\/\/secure.gravatar.com\/avatar\/4faace62981be50719be6a25151192978e6d585737a520836dcb98934de3bb45?s=96&d=mm&r=g","height":96,"width":96}},"publisher":{"@type":"Organization","name":"gotech.cz","logo":{"@type":"ImageObject","@id":"\/logo.png","url":"\/logo.png","width":600,"height":60}},"image":{"@type":"ImageObject","@id":"https:\/\/www.gotech.cz\/wp-content\/uploads\/people-3120717_960_720_1.jpg","url":"https:\/\/www.gotech.cz\/wp-content\/uploads\/people-3120717_960_720_1.jpg","height":0,"width":0},"url":"https:\/\/www.gotech.cz\/dite-a-kamaradka\/","about":["D\u011bti"],"wordCount":466,"articleBody":"Mysl\u00edm si, \u017ee ka\u017ed\u00e9 d\u00edt\u011b si zaslou\u017e\u00ed velikou p\u00e9\u010di sv\u00fdch rodi\u010d\u016f a zbytku rodiny. Jenom\u017ee n\u011bkdy ale to nejde a rodi\u010de nem\u016f\u017eou m\u00edt d\u00edt\u011b. A je to potom velice smutn\u00e9, proto\u017ee zn\u00e1m kamar\u00e1dku, kter\u00e1 velice tou\u017e\u00ed m\u00edt d\u00edt\u011b, ale bohu\u017eel se j\u00ed to v\u016fbec neda\u0159\u00ed. Ani nev\u00edte, jak mi to rve srdce. Proto\u017ee m\u011b se p\u0159ed \u010dty\u0159mi lety narodila kr\u00e1sn\u00e1 dvoj\u010data a jsem opravdu moc py\u0161n\u00e1 m\u00e1ma. Svoje d\u011bti miluji nadev\u0161e a v\u016fbec si u\u017e bez nich nedok\u00e1\u017eu p\u0159edstavit \u017eivot. J\u00e1 vlastn\u011b \u017eiji hlavn\u011b pro sv\u00e1 dvoj\u010data,\u00a0proto\u017ee\u00a0p\u0159\u00edtel se na m\u011b vyka\u0161lal, kdy\u017e d\u011bti m\u011bly p\u016fl roku. On m\u016fj p\u0159\u00edtel prost\u011b nesnesl pl\u00e1\u010d d\u011bti, a to ostatn\u00ed kolem toho, kdy se mus\u00ed \u010dlov\u011bk starat o d\u00edt\u011b.J\u00e1 v\u00edm, \u017ee kdy\u017e chodil p\u0159\u00edtel do pr\u00e1ce, tak si cht\u011bl doma odpo\u010dinout a nejenom poslouchat \u0159ev sv\u00fdch mal\u00fdch d\u011bt\u00ed. J\u00e1 tohle ch\u00e1pu, ale p\u0159eci neovlivn\u00edm to, kdy budou d\u011bti bre\u010det a kdy nebudou plakat a budou jenom\u00a0ti\u0161e spinkat. A kdy\u017e d\u011bti byly nakrmen\u00e9 a byly spokojen\u00e9, tak prost\u011b bre\u010dely a nikdo nev\u011bd\u011bl pro\u010d. Tak to p\u0159\u00edtel nevydr\u017eel a rad\u011bji se odst\u011bhoval a roze\u0161el se se mnou. Je\u0161t\u011b dal\u0161\u00ed p\u016flrok jsem to docela \u0161patn\u011b nesla a bylo to takov\u00e9\u00a0nef\u00e9r\u00a0jedn\u00e1n\u00ed ze strany p\u0159\u00edtele, jenom\u017ee potom jsem si \u0159ekla, \u017ee si p\u0159\u00edtel m\u011b a d\u011bti prost\u011b nezaslou\u017e\u00ed. A tak je lep\u0161\u00ed, kdy\u017e p\u0159\u00edtel ode\u0161el. Nicm\u00e9n\u011b, ale abych se vr\u00e1tila ke kamar\u00e1dce, jak je to u\u017e opravdu hodn\u011b dlouho, kdy se ona se se sv\u00fdm p\u0159\u00edtelem sna\u017e\u00ed o d\u00edt\u011b. Je to asi \u0161est let a v\u016fbec se jim to neda\u0159\u00ed. Tak\u017ee oni se bohu\u017eel taky roze\u0161li, a to kv\u016fli tomu, \u017ee jeden druh\u00e9ho obvi\u0148oval z toho, \u017ee d\u011bti m\u00edt nem\u016f\u017ee. A kdy\u017e jsem jim \u0159\u00edkala, a\u0165 si spole\u010dn\u011b zajdou k l\u00e9ka\u0159i, aby se na\u0161la p\u0159\u00ed\u010dina toho, pro\u010d nem\u016f\u017eou m\u00edt d\u00edt\u011b, tak nesouhlasili. Jeden prost\u011b podez\u0159\u00edval druh\u00e9ho, a nakonec to dopadlo tak, \u017ee se taky roze\u0161li a j\u00e1 jenom douf\u00e1m, \u017ee se mo\u017en\u00e1 k sob\u011b vr\u00e1t\u00ed, proto\u017ee tvo\u0159ili opravdu moc kr\u00e1sn\u00fd p\u00e1r. A t\u0159eba postupem \u010dasu by d\u00edt\u011b spolu m\u011bli. I kdy\u017e by to t\u0159eba bylo moc slo\u017eit\u00e9, tak nikdo do budoucnosti nevid\u00ed.                                                                                                                                                                                                                                                                                                                                                                                        5\/5 - (8 votes)        "},{"@context":"https:\/\/schema.org\/","@type":"BreadcrumbList","itemListElement":[{"@type":"ListItem","position":1,"name":"D\u00edt\u011b a kamar\u00e1dka","item":"https:\/\/www.gotech.cz\/dite-a-kamaradka\/#breadcrumbitem"}]}]